{"id":181,"date":"2024-10-01T14:26:02","date_gmt":"2024-10-01T12:26:02","guid":{"rendered":"https:\/\/web.cs.infn.it\/wordpress\/?p=181"},"modified":"2025-10-18T17:54:49","modified_gmt":"2025-10-18T15:54:49","slug":"premio-asimov","status":"publish","type":"post","link":"https:\/\/web.cs.infn.it\/wordpress\/2024\/10\/01\/premio-asimov\/","title":{"rendered":"Premio Asimov"},"content":{"rendered":"\n<p><strong>Il premio Asimov<\/strong><\/p>\n\n\n\n<p>Istituito nel 2015 dal Gran Sasso Science Institute (GSSI) dell&#8217;Aquila, il <a href=\"https:\/\/www.premio-asimov.it\/\">&#8220;Premio Asimov per l&#8217;editoria scientifica divulgativa&#8221;<\/a> intende avvicinare le giovani generazioni alla scienza attraverso la lettura critica di opere di divulgazione scientifica. &nbsp;Nasce da un&#8217;idea di Francesco Vissani e si ispira ai premi assegnati dalla Royal Society per i libri di divulgazione scientifica.&nbsp;Dopo il successo della prima edizione, con 200 studenti partecipanti, il premio \u00e8 giunto a contare oltre 1400 partecipazioni nella seconda edizione, 2300 nella terza, fino a superare 15700 unit\u00e0 nella nona edizione (2024). Per quest&#8217;ultima edizione, il Premio si \u00e8 avvalso di ben venti centri di coordinamento \u2013 in Abruzzo, Basilicata, Calabria, Campania, Emilia Romagna, Friuli-Venezia Giulia, Lazio, Liguria, Lombardia, Marche, Molise, Piemonte, Puglia (2), Sardegna, Sicilia, Toscana, Trentino-Alto Adige, Umbria, Veneto \u2013 che hanno collaborato con circa 330 scuole superiori italiane e congiuntamente tra di loro per la riuscita dell&#8217;iniziativa.<\/p>\n\n\n\n<p>Il Premio \u00e8 intitolato allo scrittore Isaac Asimov, autore di numerose opere di divulgazione scientifica oltre che di svariati romanzi e racconti. Si rivolge agli studenti delle scuole secondarie superiori che aderiscono all&#8217;iniziativa. Gli studenti sono direttamente coinvolti sia nella veste di giurati \u2013 chiamati a scegliere la migliore opera di divulgazione scientifica pubblicata nei due anni precedenti \u2013 che in quella di concorrenti. Gli autori e le autrici delle migliori recensioni saranno infatti a loro volta premiati in occasione della cerimonia conclusiva che si terr\u00e0 a primavera in contemporanea nelle sedi locali dei partners aderenti all&#8217;iniziativa. Come da regolamento l&#8217;attivit\u00e0 di lettura, analisi e recensione delle opere in gara da parte degli studenti, previa certificazione degli Enti organizzatori e delle scuole partecipanti, potr\u00e0 essere riconosciuta per i percorsi di alternanza scuola-lavoro e per l&#8217;attribuzione dei crediti formativi.<br><br>La Calabria aderisce all&#8217;iniziativa a partire dall&#8217;edizione 2018.<\/p>\n\n\n\n<p>___________________________________________________________________________________________________________________________________<\/p>\n\n\n\n<p><strong>Opere finaliste nel 2026<\/strong><\/p>\n\n\n\n<p><strong>Insalate di matematica<br>di Silvia Benvenuti\u00a0<\/strong>\u00a0\u00a0\u00a0\u00a0\u00a0\u00a0\u00a0\u00a0\u00a0\u00a0\u00a0\u00a0\u00a0\u00a0\u00a0\u00a0\u00a0\u00a0\u00a0 \u00a0\u00a0\u00a0\u00a0\u00a0\u00a0\u00a0\u00a0\u00a0\u00a0\u00a0\u00a0\u00a0\u00a0\u00a0\u00a0<br>\u00a0\u00a0\u00a0\u00a0\u00a0\u00a0\u00a0\u00a0\u00a0\u00a0\u00a0\u00a0\u00a0\u00a0\u00a0\u00a0\u00a0\u00a0\u00a0\u00a0\u00a0\u00a0\u00a0\u00a0\u00a0\u00a0\u00a0\u00a0\u00a0\u00a0\u00a0\u00a0\u00a0\u00a0\u00a0\u00a0\u00a0\u00a0\u00a0\u00a0\u00a0\u00a0\u00a0<br><strong>La rivoluzione delle onde gravitazionali\u00a0\u00a0\u00a0\u00a0\u00a0\u00a0\u00a0\u00a0\u00a0<br>di Matteo Barsuglia\u00a0\u00a0\u00a0\u00a0\u00a0<\/strong>\u00a0\u00a0\u00a0\u00a0\u00a0\u00a0\u00a0\u00a0\u00a0\u00a0\u00a0\u00a0\u00a0\u00a0\u00a0\u00a0\u00a0\u00a0\u00a0<\/p>\n\n\n\n<p><strong>Quanti quanti? La fisica\u00a0 quantistica per tutti\u00a0\u00a0<br>di Anna Parisi e Valentina Schettini<\/strong><\/p>\n\n\n\n<p><strong>Machina sapiens. L&#8217;algoritmo che ci ha rubato il segreto della conoscenza\u00a0\u00a0\u00a0<br>di Nello Cristianini\u00a0\u00a0\u00a0\u00a0\u00a0<\/strong>\u00a0\u00a0\u00a0\u00a0\u00a0\u00a0\u00a0\u00a0\u00a0\u00a0\u00a0\u00a0\u00a0\u00a0 <\/p>\n\n\n\n<p><strong> Il cervello felice. Come si innamora, si sbaglia, si stressa e sogna\u00a0<br>di Ana\u00efs Roux\u00a0\u00a0\u00a0\u00a0\u00a0\u00a0\u00a0<\/strong>\u00a0\u00a0\u00a0\u00a0\u00a0\u00a0\u00a0\u00a0\u00a0\u00a0\u00a0\u00a0\u00a0\u00a0\u00a0\u00a0\u00a0\u00a0\u00a0\u00a0\u00a0\u00a0\u00a0\u00a0\u00a0\u00a0\u00a0\u00a0\u00a0\u00a0\u00a0\u00a0\u00a0<\/p>\n\n\n\n<p>___________________________________________________________________________________________________________________________________<\/p>\n\n\n\n<p><strong>Opere finaliste nel 2025<\/strong><\/p>\n\n\n\n<p><strong><a href=\"https:\/\/www.premio-asimov.it\/biblioteca\/piu-in-alto-degli-dei-lingegneria-genetica-delluomo-prossimo-venturo\/\">Pi\u00f9 in alto degli D\u00e8i. L&#8217;ingegneria dell&#8217;uomo prossimo venturo.<br>di Marco Crescenzi<\/a><\/strong><\/p>\n\n\n\n<p><strong><a href=\"https:\/\/www.premio-asimov.it\/biblioteca\/nonostante-tutto-la-mia-vita-nella-scienza\/\">Nonostante tutto. La mia vita nella scienza.<br>di Katalin Karik\u00f2<\/a><\/strong><\/p>\n\n\n\n<p><strong><a href=\"https:\/\/www.premio-asimov.it\/biblioteca\/sottocorteccia-un-viaggio-tra-i-boschi-che-cambiano\/\">Sottocorteccia. Un viaggio tra i boschi che cambiano.<br>di Pietro Lacasella e Luigi Torreggiani<\/a><\/strong><\/p>\n\n\n\n<p><a href=\"https:\/\/www.premio-asimov.it\/biblioteca\/quanti-tanti-le-potenze-di-dieci-e-la-potenza-delle-domande\/\"><strong>Quanti? Tanti! Le potenze di dieci e la potenza delle domande.<\/strong><br><strong>di Sandra Lucente<\/strong><\/a><\/p>\n\n\n\n<p><strong>I<\/strong><a href=\"https:\/\/www.premio-asimov.it\/biblioteca\/il-sesso-e-quasi-tutto-evoluzione-diversita-e-medicina-di-genere\/\"><strong>l sesso \u00e8 (quasi) tutto. Evoluzione, diversit\u00e0 e medicina di genere.<\/strong><br><strong>di Antonella Viola<\/strong><\/a><\/p>\n\n\n\n<p><br><strong>Libri vincitori edizione 2025<\/strong><\/p>\n\n\n\n<p><strong><a href=\"https:\/\/www.premio-asimov.it\/biblioteca\/piu-in-alto-degli-dei-lingegneria-genetica-delluomo-prossimo-venturo\/\">Pi\u00f9 in alto degli D\u00e8i. L&#8217;ingegneria dell&#8217;uomo prossimo venturo.<br>di Marco Crescenz<\/a>i<\/strong><\/p>\n\n\n\n<p><strong><a href=\"https:\/\/www.premio-asimov.it\/biblioteca\/nonostante-tutto-la-mia-vita-nella-scienza\/\">Nonostante tutto. La mia vita nella scienza.<br>di Katalin Karik\u00f2<\/a><\/strong><\/p>\n\n\n\n<p><strong>Scuole partecipanti all&#8217;edizione 2025<\/strong><br><br><strong><a href=\"https:\/\/www.liceobertovv.edu.it\/\" target=\"_blank\" rel=\"noreferrer noopener\">Liceo Scientifico &#8220;Berto&#8221;<\/a> &#8211; Vibo Valentia (VV)<br><a href=\"https:\/\/filolao.edu.it\/\" target=\"_blank\" rel=\"noreferrer noopener\">Liceo Scientifico &#8220;Filolao&#8221;<\/a> &#8211; Crotone (KR)<br><a href=\"https:\/\/www.lsvolta.edu.it\/\" target=\"_blank\" rel=\"noreferrer noopener\">Liceo Scientifico &#8220;A. Volta&#8221;<\/a> &#8211; Reggio Calabria (RC)<br><a href=\"https:\/\/www.fermibrutiumcs.edu.it\/\" target=\"_blank\" rel=\"noreferrer noopener\">Liceo Scientifico &#8220;Enrico Fermi&#8221; Polo tecnico Brutium <\/a> &#8211; Cosenza (CS)<br><a href=\"https:\/\/www.liceoscorza.edu.it\/\" target=\"_blank\" rel=\"noreferrer noopener\">Liceo Scientifico Statale &#8220;Scorza&#8221; <\/a>&#8211; Cosenza<br><a href=\"https:\/\/www.liceoclassicorendecs.edu.it\/\">Liceo Classico e Coreutico &#8220;Gioacchino da Fiore&#8221;<\/a> &#8211; Rende (CS)<br><a href=\"https:\/\/www.liceotelesiocosenza.edu.it\/\">Liceo Classico &#8220;Telesio&#8221;<\/a> &#8211; Cosenza<br><a href=\"https:\/\/www.liceovinci.eu\/\">Liceo Classico &#8220;da Vinci&#8221;<\/a> &#8211; Reggio Calabria<\/strong><br><strong><a href=\"https:\/\/www.iiscastrolibero.edu.it\/\">Istituto di Istruzione Superiore &#8220;Valentini-Majorana&#8221;<\/a> &#8211; Castrolibero (CS)<br><a href=\"https:\/\/www.polobrutiumcs.edu.it\/\">Istituto di Istruzione Superiore<\/a><a href=\"https:\/\/www.iischiaravalle.edu.it\/\"> &#8220;Ferrari&#8221;<\/a> &#8211; Chiaravalle Centrale (CZ)<br><a href=\"https:\/\/www.marconiguarascicosenza.edu.it\/\">Istituto di Istruzione Superiore &#8220;Marconi-Guarasci&#8221;<\/a> &#8211; Rogliano (CS)<\/strong><\/p>\n\n\n\n<p><\/p>\n\n\n\n<p><strong>Comitato scientifico edizione 2025<\/strong><br><br>Alessandro Papa (Coordinatore)<br>Angela Ardizzone, Eveline Belcastro, Antonio Bruzzese, Paola Burza, Salvatore Buzzurro, Emanuela Cairo, <br>Debora Carcea,  Francesca Costanzo, Neri De Luca, Luigi Delle Rose, Raffaella Di Franco, Daniela Familiari,<br>Giuseppina Filardi, Maria Francesca Funari, Angela Gallo, Domenico Giuliano, Mario Gravina, Daniela Guido, Roberta Iandria, <br>Marta Maria Leonetti, Giuseppina Lepera, Alessandra Maiorano, Maria Luisa Mandarino, Amos Martino, Luca Panizzi,<br>Lorella Panza, Carmen Petronio, Sergio Polito, Adelina Reda, Roberta Reda, Vanessa Rose Rega, Eugenio Ricchio, Marco Rossi, Giampiero Salfi, Giuseppe Sia, Emilia Stamile, Stefania Ventura<\/p>\n\n\n\n<p><strong>Studenti\/esse premiati\/e per le <a href=\"https:\/\/web.cs.infn.it\/wordpress\/wp-content\/uploads\/2025\/05\/recensioni_vincitrici.pdf\">migliori recensioni<\/a><\/strong><br><strong>in occasione della Cerimonia regionale del 15 maggio 2025 (Dip. Fisica &#8211; UniCal)<\/strong><br>[L&#8217;asterico accanto al nome indica un piazzamento nei primi 10 posti della graduatoria nazionale]<br>&nbsp;<br><strong>Pi\u00f9 in alto degli D\u00e8i. L&#8217;ingegneria dell&#8217;uomo prossimo venturo.<\/strong><br>Andrea Attisani* \u2013 Liceo scientifico &#8220;Volta&#8221;&nbsp; &#8211; Reggio Calabria<br>Ottavio Maria Citino &#8211; IIS &#8220;Marconi-Guarasci&#8221; &#8211; Rogliano (CS)<br>Daniele Martino Marafioti &#8211; Liceo scientifico &#8220;Berto&#8221; &#8211; Vibo Valentia<br>Francesco Muoio &#8211; Liceo scientifico &#8220;Enrico Fermi&#8221; Polo tecnico Brutium &#8211; Cosenza<br>Fabio Nicoletti &#8211; IIS &#8220;Marconi-Guarasci&#8221; &#8211; Rogliano (CS)<\/p>\n\n\n\n<p><strong>Nonostante tutto. La mia vita nella scienza.<\/strong><br>Ludovica Clausi &#8211; Liceo classico e coreutico &#8220;G. da Fiore&#8221; &#8211; Rende (CS)<br>Arianna Creaco &#8211; Liceo scientifico &#8220;da Vinci&#8221; &#8211; Reggio Calabria<br>Riccardo Festa &#8211; Liceo scientifico &#8220;Volta&#8221;&nbsp; &#8211; Reggio Calabria<br>Sofia Giambranco &#8211; Liceo scientifico &#8220;Volta&#8221;&nbsp; &#8211; Reggio Calabria<\/p>\n\n\n\n<p><strong>Sottocorteccia. Un viaggio tra i boschi che cambiano.<\/strong><br>Davide Fazino* \u2013 Liceo scientifico &#8220;Volta&#8221;&nbsp; &#8211; Reggio Calabria<br>Mario Morimanno &#8211; Liceo scientifico &#8220;Enrico Fermi&#8221; Polo tecnico Brutium &#8211; Cosenza<br>Matteo Villella &#8211; Liceo scientifico &#8220;Enrico Fermi&#8221; Polo tecnico Brutium &#8211; Cosenza<\/p>\n\n\n\n<p><strong>Quanti? Tanti! Le potenze di dieci e la potenza delle domande.<\/strong><br>Samuel Diolaiti &#8211; Liceo scientifico &#8220;Enrico Fermi&#8221; Polo tecnico Brutium &#8211; Cosenza<br>Aurora Gaudio &#8211; Liceo classico &#8220;Telesio&#8221; &#8211; Cosenza<br>Giada Perrone &#8211; Liceo scientifico &#8220;Scorza&#8221; &#8211; Cosenza<br>Federica Verduci &#8211; Liceo scientifico &#8220;da Vinci&#8221; &#8211; Reggio Calabria<br><br><strong>Il sesso \u00e8 (quasi) tutto. Evoluzione, diversit\u00e0 e medicina di genere.<\/strong><br>Chiara Michela D&#8217;Agostino &#8211; Liceo classico e coreutico &#8220;G. da Fiore&#8221; &#8211; Rende (CS)<br>Anna Sofia De Buono &#8211; Liceo classico &#8220;Telesio&#8221; &#8211; Cosenza<br>Giuseppe Festa &#8211; Liceo scientifico &#8220;Volta&#8221;&nbsp; &#8211; Reggio Calabria<br>Piergiorgio Milanese &#8211; Liceo scientifico &#8220;Filolao&#8221; &#8211; Crotone<br>Vittoria Morrone &#8211; Liceo classico &#8220;Telesio&#8221; &#8211; Cosenza<br>Alhena Taverna &#8211; Liceo classico e coreutico &#8220;G. da Fiore&#8221; &#8211; Rende (CS)<br>Giada Raffaella Tosti &#8211; Liceo scientifico &#8220;Enrico Fermi&#8221; Polo tecnico Brutium &#8211; Cosenza<\/p>\n\n\n\n<p><\/p>\n\n\n\n<p>___________________________________________________________________________________________________________________________________<\/p>\n\n\n\n<p><strong>Opere finaliste nel 2024<\/strong><\/p>\n\n\n\n<p><a href=\"https:\/\/www.premio-asimov.it\/biblioteca\/la-scorciatoia-come-le-macchine-sono-diventate-intelligenti-senza-pensare-in-modo-umano\/\"><strong>&#8220;La Scorciatoia. Come le macchine sono diventate<br>intelligenti senza pensare in modo umano.&#8221;<br>di Nello Cristianini<\/strong><\/a><br><br><a href=\"https:\/\/www.premio-asimov.it\/biblioteca\/altre-terre-viaggio-alla-scoperta-di-pianeti-extrasolari\/\"><strong>&#8220;Altre Terre. Viaggio alla scoperta di pianeti extrasolari.&#8221;<br>di Giovanni Covone<\/strong><\/a><br><br><a href=\"https:\/\/www.premio-asimov.it\/biblioteca\/luniverso-su-misura-viaggio-nelle-incredibili-coincidenze-cosmiche-che-ci-permettono-di-essere-qui\/\"><strong>&#8220;L&#8217;Universo su misura. Viaggio nelle incredibili coincidenze cosmiche<br>che ci permettono di essere qui.&#8221;<br>di<\/strong><\/a><strong> Filippo Bonaventura, Lorenzo Colombo, Matteo Miluzio<\/strong><br><br><a href=\"https:\/\/www.premio-asimov.it\/biblioteca\/clima-2050-la-matematica-e-la-fisica-per-il-futuro-del-sistema-terra\/\"><strong>&#8220;Clima 2050 &#8211; La matematica e la fisica per il futuro del sistema terra.&#8221;<br>di<\/strong><\/a><strong> Annalisa Cherchi e Susanna Corti<\/strong><br><br><a href=\"https:\/\/www.premio-asimov.it\/biblioteca\/dieci-cose-che-ho-imparato\/\"><strong>&#8220;Dieci cose che ho imparato&#8221;<br>di<\/strong><\/a><strong> Piero Angela<\/strong><\/p>\n\n\n\n<p><strong>Libro vincitore edizione 2024<\/strong><\/p>\n\n\n\n<p><a href=\"https:\/\/www.premio-asimov.it\/biblioteca\/altre-terre-viaggio-alla-scoperta-di-pianeti-extrasolari\/\"><strong>&#8220;Altre Terre. Viaggio alla scoperta di pianeti extrasolari.&#8221;<br>di Giovanni Covone<\/strong><\/a><\/p>\n\n\n\n<p><br><strong>Scuole partecipanti all&#8217;edizione 2024<\/strong><strong><\/strong><br><br><strong><a href=\"https:\/\/www.liceobertovibo.gov.it\/\" rel=\"noreferrer noopener\" target=\"_blank\">Liceo Scientifico &#8220;Berto&#8221;<\/a> &#8211; Vibo Valentia (VV)<br><a href=\"http:\/\/filolao.gov.it\/\" rel=\"noreferrer noopener\" target=\"_blank\">Liceo Scientifico &#8220;Filolao&#8221;<\/a> &#8211; Crotone (KR)<br><a href=\"http:\/\/www.lsvolta.it\/\" rel=\"noreferrer noopener\" target=\"_blank\">Liceo Scientifico &#8220;A. Volta&#8221;<\/a> &#8211; Reggio Calabria (RC)<br><a href=\"http:\/\/www.liceofermics.gov.it\/home\/\" rel=\"noreferrer noopener\" target=\"_blank\">Liceo Scientifico Statale &#8220;Enrico Fermi&#8221;<\/a> &#8211; Cosenza (CS)<br><a href=\"https:\/\/cercalatuascuola.istruzione.it\/cercalatuascuola\/istituti\/CSPS068035\/liceo-sc-mirto-crosia-sede-staccata\/\" rel=\"noreferrer noopener\" target=\"_blank\">Liceo Scientifico Statale di Mirto\/Crosia<\/a> &#8211; Mirto (CS)<br><a href=\"http:\/\/www.iisliceocariati.gov.it\/liceo-scientifico.html\" rel=\"noreferrer noopener\" target=\"_blank\">Liceo Scientifico Statale &#8220;S. Patrizi&#8221;<\/a> &#8211; Cariati (CS)<br><a href=\"https:\/\/www.liceoscorza.edu.it\/\" rel=\"noreferrer noopener\" target=\"_blank\">Liceo Scientifico Statale &#8220;Scorza&#8221; <\/a><\/strong><strong>&#8211; Cosenza<br><a href=\"https:\/\/www.liceoclassicorendecs.edu.it\/\">Liceo Classico &#8220;Gioacchino da Fiore&#8221;<\/a> &#8211; Rende (CS)<br><a href=\"http:\/\/www.liceotelesiocosenza.gov.it\/component\/content\/article\/12-articoli-vari\/90-registri-elettronico.html\">Liceo Classico &#8220;Telesio&#8221;<\/a> &#8211; Cosenza<br><a href=\"https:\/\/www.liceovinci.eu\/\">Liceo Classico &#8220;da Vinci&#8221;<\/a> &#8211; Reggio Calabria<\/strong><br><strong><a href=\"https:\/\/www.iiscastrolibero.edu.it\/\">Istituto di Istruzione Superiore &#8220;Valentini-Majorana&#8221;<\/a> &#8211; Castrolibero (CS)<br><a href=\"https:\/\/www.polobrutiumcs.edu.it\/\">Istituto di Istruzione Superiore &#8220;Brutium&#8221;<\/a> &#8211; Cosenza<br><a href=\"https:\/\/www.polobrutiumcs.edu.it\/\">Istituto di Istruzione Superiore<\/a><a href=\"https:\/\/www.iischiaravalle.edu.it\/\"> &#8220;Ferrari&#8221;<\/a> &#8211; Chiaravalle Centrale (CZ)<br><a href=\"https:\/\/www.marconiguarascicosenza.edu.it\/\">Istituto di Istruzione Superiore &#8220;Marconi-Guarasci&#8221;<\/a> &#8211; Rogliano (CS)<br><a href=\"https:\/\/www.liceibelvedere.edu.it\/\">Istituto Magistrale Licei &#8220;Campanella&#8221;<\/a> &#8211; Belvedere Marittimo (CS)<\/strong><\/p>\n\n\n\n<p><strong>Comitato scientifico edizione 2024<\/strong><br><br>Alessandro Papa (Coordinatore)<br>Angela Ardizzone, Eveline Belcastro, Adele E. Borgese, Antonio Bruzzese, Salvatore Buzzurro,<br>Emanuela Cairo, Maria Caloroso, Domenico Chirico, Emmanuele G. Cinnirella, Alessandro S. Citro,<br>Francesca Costanzo, Luigi Delle Rose, Raffaella Di Franco, Manuela Di Iorio, Giuseppina Filardi, Roberto Fiore,<br>Maria Francesca Funari, Angela Gallo, Domenico Giuliano, Mario Gravina, Graziella Graziano,<br>Daniela Guido, Roberta Iandria, Emanuela M.T. Ientile, Giuseppina Lepera, Maria Liberato,<br>Alessandra Maiorano, Amos Martino, Pierangela Mazzei, Bianca R. Misuraca, Luca Panizzi,<br>Lorella Panza, Carmen Petronio, Domenica Polimeno, Sergio Polito, Adelina Reda, Roberta Reda,<br>Eugenio Ricchio, Maria G. Romanello, Marco Rossi, Giampiero Salfi, Federica Sapia, Antonella Senese,<br>Giuseppe Sia, Emilia Stamile, Stefania Ventura<\/p>\n\n\n\n<p><strong>Studenti\/esse premiati\/e per le <a href=\"https:\/\/web.cs.infn.it\/wordpress\/wp-content\/uploads\/2025\/01\/Recensioni-2024.pdf\">migliori recensioni<\/a><\/strong><br><strong>in occasione della Cerimonia regionale del 7 maggio 2024 (Dip. Fisica &#8211; UniCal)<\/strong><br>&nbsp;<\/p>\n\n\n\n<p>&nbsp;<strong>La scorciatoia<\/strong><br>Andrea Attisani \u2013 Liceo scientifico &#8220;Volta&#8221;&nbsp; &#8211; Reggio Calabria<br>Sofia Giambranco &#8211; Liceo scientifico &#8220;Volta&#8221;&nbsp; &#8211; Reggio Calabria<br>Alhena Taverna &#8211; Liceo classico &#8220;G. da Fiore&#8221; &#8211; Rende (CS)<br>Rosalba Vitetta &#8211; Liceo scientifico &#8220;da Vinci&#8221; &#8211; Reggio Calabria<br><br><strong>Altre terre<\/strong><br>Roberta De Bartolo &#8211; Liceo&nbsp;scientifico &#8220;Fermi&#8221; &#8211; Cosenza<br>Alessandro Mazziotti &#8211; IIS Cariati Liceo Mirto &#8211; Mirto Crosia (CS)<br>Giorgia Otranto &#8211; Liceo scientifico &#8220;Filolao&#8221; &#8211; Crotone<br>Alessia Patisso &#8211; Liceo classico &#8220;Telesio&#8221; &#8211; Cosenza<br>Aurora Rosa &#8211; Liceo&nbsp;scientifico &#8220;Fermi&#8221; &#8211; Cosenza<br><br><strong>L&#8217;Universo su misura<\/strong><br>&nbsp;Melissa Croce &#8211; IIS &#8220;Marconi-Guarasci&#8221; &#8211; Rogliano (CS)<br>Emanuela Foti &#8211; Liceo scientifico &#8220;Volta&#8221;&nbsp; &#8211; Reggio Calabria<br>Rosalda Iaquinta &#8211; Liceo&nbsp;scientifico &#8220;Fermi&#8221; &#8211; Cosenza<br><br><strong>Clima 2050<\/strong><br>Giorgia Ferraro &#8211; IIS &#8220;Valentini-Majorana&#8221; &#8211; Castrolibero (CS)<br>Francesca Fiorita &#8211; Liceo classico &#8220;G. da Fiore&#8221; &#8211; Rende (CS)<\/p>\n\n\n\n<p>Sara Reda &#8211; IIS &#8220;Valentini-Majorana&#8221; &#8211; Castrolibero (CS)<\/p>\n\n\n\n<p><br><strong>10 cose che ho imparato<\/strong><br>Benedetta Bozzo &#8211; Liceo classico &#8220;Telesio&#8221; &#8211; Cosenza<br>Agostino Bruno &#8211; Liceo scientifico &#8220;Volta&#8221;&nbsp; &#8211; Reggio Calabria<br>Antonio De Gennaro &#8211; Liceo scientifico &#8220;Volta&#8221;&nbsp; &#8211; Reggio Calabria<br>Federica Leonetti &#8211; Liceo&nbsp;scientifico &#8220;Fermi&#8221; &#8211; Cosenza<\/p>\n\n\n\n<p>Stefania Leonetti &#8211; Liceo&nbsp;scientifico &#8220;Fermi&#8221; &#8211; Cosenza<br>Matteo Pizzichemi &#8211; Liceo scientifico &#8220;Volta&#8221;&nbsp; &#8211; Reggio Calabria<br>Giuseppe Polimeni &#8211; Liceo classico &#8220;G. da Fiore&#8221; &#8211; Rende (CS)<br>Rossella Scigliano &#8211; Liceo scientifico &#8220;Patrizi&#8221; &#8211; Cariati (CS)<br>Virginia Vergara &#8211; Ist. Mag. Licei &#8220;Campanella&#8221; &#8211; Belvedere (CS)<br>&nbsp;<\/p>\n\n\n\n<p>___________________________________________________________________________________________________________________________________<\/p>\n\n\n\n<p><strong>Opere finaliste nel 2023<\/strong><\/p>\n\n\n\n<p><a href=\"https:\/\/www.premio-asimov.it\/biblioteca\/tempo-il-sogno-di-uccidere-chronos\/\"><strong>&#8220;Tempo: Il sogno di uccidere Chronos&#8221; di Guido Tonelli<\/strong><\/a><\/p>\n\n\n\n<p><a href=\"https:\/\/www.premio-asimov.it\/biblioteca\/coccodrilli-al-polo-nord-e-ghiacci-allequatore\/\"><strong>&#8220;Coccodrilli al Polo Nor<\/strong><\/a><a href=\"https:\/\/www.premio-asimov.it\/biblioteca\/coccodrilli-al-polo-nord-e-ghiacci-allequatore\/\"><strong>d e ghiacci all&#8217;equatore&#8221; di Antonello Provenzale<\/strong><\/a><\/p>\n\n\n\n<p><a href=\"https:\/\/www.premio-asimov.it\/biblioteca\/serendipita-linatteso-nella-scienza\/\"><strong>&#8220;Serendipit\u00e0 &#8211; L&#8217;inatteso nella scienza&#8221; di Telmo Pievani<\/strong><\/a><\/p>\n\n\n\n<p><a href=\"https:\/\/www.premio-asimov.it\/biblioteca\/in-un-volo-di-storni\/\"><strong>&#8220;In un volo di storni&#8221; di Giorgio Parisi<\/strong><\/a><\/p>\n\n\n\n<p><a href=\"https:\/\/www.premio-asimov.it\/biblioteca\/il-secondo-principio\/\"><strong>&#8220;Il secondo principio<\/strong><\/a><a href=\"https:\/\/www.premio-asimov.it\/biblioteca\/il-secondo-principio\/\"><strong>&#8221; di Marco Malvaldi<\/strong><\/a><\/p>\n\n\n\n<p><a href=\"https:\/\/www.premio-asimov.it\/biblioteca\/oro-blu-storie-di-acqua-e-cambiamento-climatico\/\"><strong>&#8220;Oro blu. Storie di acqua e cambamento climatico&#8221; di Edoardo Borgomeo<\/strong><\/a><\/p>\n\n\n\n<p><strong>Libro vincitore edizione 2023<\/strong><\/p>\n\n\n\n<p><strong>&#8220;Oro blu. Storie di acqua e cambamento climatico&#8221; di Edoardo Borgomeo<\/strong><\/p>\n\n\n\n<p><br><strong>Scuole partecipanti all&#8217;edizione 2023<\/strong><strong><\/strong><br><br><strong><a href=\"https:\/\/www.liceobertovibo.gov.it\/\" rel=\"noreferrer noopener\" target=\"_blank\">Liceo Scientifico &#8220;Berto&#8221;<\/a> &#8211; Vibo Valentia (VV)<br><a href=\"http:\/\/filolao.gov.it\/\" rel=\"noreferrer noopener\" target=\"_blank\">Liceo Scientifico &#8220;Filolao&#8221;<\/a> &#8211; Crotone (KR)<br><a href=\"http:\/\/www.lsvolta.it\/\" rel=\"noreferrer noopener\" target=\"_blank\">Liceo Scientifico &#8220;A. Volta&#8221;<\/a> &#8211; Reggio Calabria (RC)<br><a href=\"http:\/\/www.liceofermics.gov.it\/home\/\" rel=\"noreferrer noopener\" target=\"_blank\">Liceo Scientifico Statale &#8220;Enrico Fermi&#8221;<\/a> &#8211; Cosenza (CS)<br><a href=\"https:\/\/cercalatuascuola.istruzione.it\/cercalatuascuola\/istituti\/CSPS068035\/liceo-sc-mirto-crosia-sede-staccata\/\" rel=\"noreferrer noopener\" target=\"_blank\">Liceo Scientifico Statale di Mirto\/Crosia<\/a> &#8211; Mirto (CS)<br><a href=\"http:\/\/www.iisliceocariati.gov.it\/liceo-scientifico.html\" rel=\"noreferrer noopener\" target=\"_blank\">Liceo Scientifico Statale &#8220;S. Patrizi&#8221;<\/a> &#8211; Cariati (CS)<br><a href=\"https:\/\/www.liceoscorza.edu.it\/\" rel=\"noreferrer noopener\" target=\"_blank\">Liceo Scientifico Statale &#8220;Scorza&#8221; <\/a><\/strong><strong>&#8211; Cosenza<br><a href=\"https:\/\/www.liceoclassicorendecs.edu.it\/\">Liceo Classico &#8220;Gioacchino da Fiore&#8221;<\/a> &#8211; Rende (CS)<br><a href=\"http:\/\/www.liceotelesiocosenza.gov.it\/component\/content\/article\/12-articoli-vari\/90-registri-elettronico.html\">Liceo Classico &#8220;Telesio&#8221;<\/a> &#8211; Cosenza<br><a href=\"https:\/\/www.liceoclassicocampanellarc.edu.it\/\">Liceo Classico &#8220;Campanella&#8221;<\/a> &#8211; Reggio Calabria<br><a href=\"https:\/\/www.liceovinci.eu\/\">Liceo Classico &#8220;da Vinci&#8221;<\/a> &#8211; Reggio Calabria<br><a href=\"https:\/\/www.iislacava.edu.it\/\">Istituto di Istruzione Superiore &#8220;Francesco La Cava&#8221;<\/a> &#8211; Bovalino (RC)<\/strong><br><strong><a href=\"https:\/\/www.iiscastrolibero.edu.it\/\">Istituto di Istruzione Superiore &#8220;Valentini-Majorana&#8221;<\/a> &#8211; Castrolibero (CS)<\/strong><\/p>\n\n\n\n<p><strong>Comitato scientifico edizione 2023<\/strong><br><br>Alessandro Papa (Coordinatore)<br>Anna Borrello, Antonio Bruzzese, Salvatore Buzzurro, Maria Carella, Alessandra M. Curcio,<br>Luigi Delle Rose, Daniela Familiari, Roberto Fiore,&nbsp; Maria Francesca Funari, Domenico Giuliano,<br>Mario Gravina, Daniela Guido, Emanuela M.T. Ientile, Domenico Liguori, Gianfranco Manna,<br>Amos Martino, Andrea Nava, Lorella Panza, Carmen Petronio, Domenica Polimeno, Sergio Polito,<br>Anna Rita Pupo, Adelina Reda, Roberta Reda, Eugenio Ricchio, Roberto Romeo, Marco Rossi,<br>Giampiero Salfi, Santa Saraceno, Fortunata Sartiano, Antonella Senese, Sabina Vespasiano<\/p>\n\n\n\n<p><strong>Studenti\/esse premiati\/e per le <a href=\"https:\/\/web.cs.infn.it\/wordpress\/wp-content\/uploads\/2025\/01\/Recensioni-vincitrici-2023.pdf\">migliori recensioni<\/a><\/strong><br><strong>in occasione della Cerimonia regionale del 27 aprile 2023 (Dip. Fisica &#8211; UniCal)<\/strong><br>&nbsp;<\/p>\n\n\n\n<p>&nbsp;<strong>Tempo: Il sogno di uccidere Chronos<\/strong><br>Chiara Catalano \u2013 Liceo scientifico &#8220;Volta&#8221;&nbsp; &#8211; Reggio Calabria<br>Paolo De Gregorio \u2013 Liceo scientifico &#8220;Volta&#8221;&nbsp; &#8211; Reggio Calabria<br>Elisabetta De Rose &#8211; Liceo&nbsp;scientifico &#8220;Fermi&#8221; &#8211; Cosenza<br>Irene Ventura \u2013 Liceo scientifico &#8220;Volta&#8221;&nbsp; &#8211; Reggio Calabria<br>Aurora Vigna &#8211; Liceo scientifico &#8220;Scorza&#8221; &#8211; Cosenza<br><br><strong>Coccodrilli al Polo Nord e ghiacci all&#8217;equatore<\/strong><br>&nbsp;Sara Azzar\u00e0 \u2013 Liceo scientifico &#8220;Volta&#8221;&nbsp; &#8211; Reggio Calabria<br>Claudia Cortese &#8211; IIS &#8220;Valentini-Majorana&#8221; &#8211; Castrolibero (CS)<br>Dina Immacolata D&#8217;Agostino &#8211; IIS &#8220;Valentini-Majorana&#8221; &#8211; Castrolibero (CS)<br>Maria Pia De Vincenti &#8211; IIS Cariati Liceo Mirto &#8211; Mirto Crosia (CS)<br><br><strong>Serendipit\u00e0 &#8211; L&#8217;inatteso nella scienza<\/strong><br>&nbsp;Giorgio Assisi &#8211; Liceo scientifico &#8220;Berto&#8221; di Vibo Valentia<br>Asia Maggio &#8211; IIS &#8220;Valentini-Majorana&#8221; &#8211; Castrolibero (CS)<br>Ilaria Tramontana &#8211; Liceo scientifico &#8220;Filolao&#8221; &#8211; Crotone<br><br><strong>In un volo di storni<\/strong><br>Maria Chiara Galluzzo \u2013 Liceo classico &#8220;Campanella&#8221; &#8211; Reggio Calabria<br>Martina Petrungaro &#8211; IIS &#8220;Valentini-Majorana&#8221; &#8211; Castrolibero (CS)<br>Giorgia Zanni &#8211; IIS &#8220;Valentini-Majorana&#8221; &#8211; Castrolibero (CS)<\/p>\n\n\n\n<p><br><strong>Il secondo principio<\/strong><br>&nbsp;Giuseppe Cofone &#8211; Liceo scientifico &#8220;Fermi&#8221; &#8211; Cosenza<br>Martina Cortese &#8211; Liceo &nbsp;scientifico &#8220;Filolao&#8221; &#8211; Crotone<br>Anna Martino \u2013 Liceo&nbsp;scientifico &#8220;Volta&#8221;&nbsp; &#8211; Reggio Calabria<br>Antonino Zumbo \u2013 Liceo scientifico &#8220;Volta&#8221;&nbsp; &#8211; Reggio Calabria<\/p>\n\n\n\n<p><strong>Oro blu. Storie di acqua e cambiamento climatico<\/strong><br>&nbsp;Daniela Murdaca &#8211; IIS &#8220;La Cava&#8221; &#8211; Bovalino (RC)<br>Marialaura Murdaca &#8211; IIS &#8220;La Cava&#8221; &#8211; Bovalino (RC)<br>Giulia Scarpelli &#8211; Liceo classico &#8220;Telesio&#8221; &#8211; Cosenza<\/p>\n\n\n\n<p><strong>Studenti\/esse menzionate\/i per aver scritto <a href=\"https:\/\/web.cs.infn.it\/wordpress\/wp-content\/uploads\/2025\/01\/Recenzioni-menzionate-2023.pdf\">ottime recensioni<\/a>,<br>mancando per\u00f2 il podio<\/strong><\/p>\n\n\n\n<p>&nbsp;Beatrice Aromolo \u2013 Liceo classico &#8220;G. da Fiore&#8221; &#8211; Rende (CS)<br>Giovani Calcopietro \u2013 Liceo scientifico &#8220;Volta&#8221;&nbsp; &#8211; Reggio Calabria<br>Francesco Currao &#8211; Liceo scientifico &#8220;Berto&#8221; di Vibo Valentia<br>Erika De Luca &#8211; IIS &#8220;Valentini-Majorana&#8221; &#8211; Castrolibero (CS)<br>Giovanni Fanigliulo &#8211; Liceo scientifico &#8220;Fermi&#8221; &#8211; Cosenza<br>Gianmarco Fiorita &#8211; IIS &#8220;Valentini-Majorana&#8221; &#8211; Castrolibero (CS)<br>Francesco Genio &#8211; Liceo scientifico &#8220;da Vinci&#8221; &#8211; Reggio Calabria<br>Ilaria Sestito &#8211; Liceo &nbsp;scientifico &#8220;Filolao&#8221; &#8211; Crotone<br>Michele Solano &#8211; Liceo scientifico &#8220;Berto&#8221; di Vibo Valentia<\/p>\n\n\n\n<p>___________________________________________________________________________________________________________________________________<\/p>\n\n\n\n<p><strong>Opere finaliste nel 2022<\/strong><\/p>\n\n\n\n<p><a href=\"https:\/\/www.premio-asimov.it\/biblioteca\/bestiario-matematico\/\"><strong>&#8220;Bestiario matematico&#8221; di Paolo Alessandrini<\/strong><\/a><\/p>\n\n\n\n<p><a href=\"https:\/\/www.premio-asimov.it\/biblioteca\/breve-storia-delle-pseudoscienze\/\"><strong>&#8220;Breve storia delle pseudoscienze&#8221; di Marco Ciardi<\/strong><\/a><\/p>\n\n\n\n<p><a href=\"https:\/\/www.premio-asimov.it\/biblioteca\/la-malattia-da-10-centesimi\/\"><strong>&#8220;La malattia da 10 centesimi&#8221; di Agnese Collino<\/strong><\/a><\/p>\n\n\n\n<p><a href=\"https:\/\/www.premio-asimov.it\/biblioteca\/il-frigorifero-di-einstein\/\"><strong>&#8220;Il frigorifero di Einstein&#8221; di Paul Sen<\/strong><\/a><\/p>\n\n\n\n<p><a href=\"https:\/\/www.premio-asimov.it\/biblioteca\/la-sfrontata-bellezza-del-cosmo\/\"><strong>&#8220;La sfrontata bellezza del cosmo&#8221; di Licia Troisi<\/strong><\/a><\/p>\n\n\n\n<p><br><br><strong>Libri vincitori edizione 2022<\/strong><\/p>\n\n\n\n<p><strong>&#8220;La malattia da 10 centesimi&#8221; di Agnese Collino<\/strong><\/p>\n\n\n\n<p><strong>&#8220;La sfrontata bellezza del cosmo&#8221; di Licia Troisi<\/strong><\/p>\n\n\n\n<p><br><strong>Scuole partecipanti all&#8217;edizione 2022<\/strong><strong><\/strong><br><br><a href=\"https:\/\/www.liceobertovibo.gov.it\/\" rel=\"noreferrer noopener\" target=\"_blank\"><strong>Liceo Scientifico &#8220;Berto&#8221;<\/strong><\/a> &#8211; Vibo Valentia (VV)<br><a href=\"http:\/\/filolao.gov.it\/\" rel=\"noreferrer noopener\" target=\"_blank\"><strong>Liceo Scientifico &#8220;Filolao&#8221;<\/strong><\/a> &#8211; Crotone (KR)<br><a href=\"http:\/\/www.lsvolta.it\/\" rel=\"noreferrer noopener\" target=\"_blank\"><strong>Liceo Scientifico &#8220;A. Volta&#8221;<\/strong><\/a> &#8211; Reggio Calabria (RC)<br><a href=\"http:\/\/www.liceofermics.gov.it\/home\/\" rel=\"noreferrer noopener\" target=\"_blank\"><strong>Liceo Scientifico Statale &#8220;Enrico Fermi&#8221;<\/strong><\/a> &#8211; Cosenza (CS)<br><a href=\"https:\/\/cercalatuascuola.istruzione.it\/cercalatuascuola\/istituti\/CSPS068035\/liceo-sc-mirto-crosia-sede-staccata\/\" rel=\"noreferrer noopener\" target=\"_blank\"><strong>Liceo Scientifico Statale di Mirto\/Crosia<\/strong><\/a> &#8211; Mirto (CS)<br><a href=\"http:\/\/www.iisliceocariati.gov.it\/liceo-scientifico.html\" rel=\"noreferrer noopener\" target=\"_blank\"><strong>Liceo Scientifico Statale &#8220;S. Patrizi&#8221;<\/strong><\/a> &#8211; Cariati (CS)<br><strong><a href=\"https:\/\/www.liceoclassicorendecs.edu.it\/\">Liceo Classico &#8220;Gioacchino da Fiore&#8221;<\/a><\/strong> &#8211; Rende (CS)<br><strong><a href=\"http:\/\/www.liceotelesiocosenza.gov.it\/component\/content\/article\/12-articoli-vari\/90-registri-elettronico.html\">Liceo Classico &#8220;Telesio&#8221;<\/a><\/strong> &#8211; Cosenza<br><a href=\"https:\/\/liceopizipalmi.edu.it\/\"><strong>Istituto di Istruzione Superiore &#8220;N. Pizi&#8221;<\/strong><\/a> &#8211; Palmi (RC)<br><strong><a href=\"https:\/\/www.iislacava.edu.it\/\">Istituto di Istruzione Superiore &#8220;Francesco La Cava&#8221;<\/a><\/strong> &#8211; Bovalino (RC)<\/p>\n\n\n\n<p><strong>Comitato scientifico edizione 2022<\/strong><br><br>Alessandro Papa (Coordinatore)<br>Edda Arnone, Antonio Benvenuto, Michelina Boccuti, Adele Ester Borgese, Antonio Bruzzese,<br>Salvatore Buzzurro, Maria Carella, Maria Teresa Cassiano, Alessandra Curcio, Daniela Familiari,<br>Giuseppina Filardi, Roberto Fiore, Filomena Flotta, Maria Francesca Funari, Domenico Giuliano,<br>Graziella Graziano, Emanuela M.T. Ientile, Domenico Liguori, Gianfranco Manna, Amos Martino,<br>Andrea Nava, Giacinta Oliva, Carmen Petronio, Sergio Polito, Adelina Reda, Roberto Romeo,<br>Marco Rossi, Rosanna Tedesco, Patrizia Volpe&nbsp;<\/p>\n\n\n\n<p><strong>Studenti\/esse premiati\/e per le <a href=\"https:\/\/web.cs.infn.it\/wordpress\/wp-content\/uploads\/2025\/01\/Recensioni-2022.pdf\">migliori recensioni<\/a><\/strong><br><strong>in occasione della Cerimonia regionale del 5 maggio 2022 (Aula Caldora &#8211; UniCal)<\/strong><\/p>\n\n\n\n<p>&nbsp;<strong>Bestiario matematico<\/strong><br>Chiara Catalano \u2013 Liceo &#8220;Volta&#8221;&nbsp; &#8211; Reggio Calabria<br>Elisabetta De Leo &#8211; Liceo &#8220;Fermi&#8221; &#8211; Cosenza<br>Maria Pia Nadia Geremia &#8211; Liceo &#8220;Volta&#8221; &#8211; Reggio Calabria<br>Alessandro Mazziotti &#8211; IIS Cariati (CS)<br>Claudia Nicol\u00f2 &#8211; Liceo &#8220;Volta&#8221; &#8211; Reggio Calabria<br><br><strong>Breve storia delle pseudoscienze<\/strong><br>Nicola Fial\u00e0 &#8211; Liceo &#8220;Berto&#8221; di Vibo Valentia<br>Antonella Nirta &#8211; IIS &#8220;La Cava&#8221; &#8211; Bovalino (RC)<br>Angela Veltri &#8211; Liceo &#8220;Fermi&#8221; \u2013 Cosenza<br><br><strong>La malattia da 10 centesimi<\/strong><br>Benedetta Madarena &#8211; Liceo &#8220;Filolao&#8221; &#8211; Crotone<br>Luca Mazziotti &#8211; Liceo &#8220;Fermi&#8221; &#8211; Cosenza<br>Bruno Sollazzo &#8211; IIS &#8220;La Cava&#8221; &#8211; Bovalino (RC)<br>Francesca Vignieri &#8211; Liceo &#8220;Telesio&#8221; \u2013 Cosenza<br><br><strong>Il frigorifero di Einstein<\/strong><br>Paola De Bartolo \u2013 Liceo &#8220;G. da Fiore&#8221; &#8211; Rende (CS)<br>Giovanni Fanigliulo &#8211; Liceo&nbsp; &#8220;Fermi&#8221; &#8211; Cosenza<br>Alice Pellegrino &#8211; Liceo &#8220;Volta&#8221; &#8211; Reggio Calabria<\/p>\n\n\n\n<p><br><strong>La sfrontata bellezza del cosmo<\/strong><br>Elisa Luna De Rango &#8211; Liceo &#8220;G. da Fiore&#8221; &#8211; Rende (CS)<br>Vincenzo Filosa &#8211; Liceo&nbsp; &#8220;Fermi&#8221; &#8211; Cosenza<br>Maria Francesca Grenci \u2013 Liceo &#8220;Berto&#8221; &#8211; Vibo Valentia<br>Elena Luver\u00e0 &#8211; IIS &#8220;Pizi&#8221; &#8211; Palmi (RC)<br>Alberto Perelli &#8211; IIS &#8220;Pizi&#8221; \u2013 Palmi (RC)<\/p>\n\n\n\n<p>___________________________________________________________________________________________________________________________________<\/p>\n\n\n\n<p><strong>Opere finaliste nel 2021<\/strong><\/p>\n\n\n\n<p><a href=\"https:\/\/www.premio-asimov.it\/biblioteca\/imperfezione\/\"><strong>&#8220;Imperfezione&#8221; di Telmo Pievani<\/strong><\/a><\/p>\n\n\n\n<p><a href=\"https:\/\/www.premio-asimov.it\/biblioteca\/lultimo-orizzonte\/\"><strong>&#8220;L&#8217;ultimo orizzonte&#8221; di Amedeo Balbi<\/strong><\/a><\/p>\n\n\n\n<p><a href=\"https:\/\/www.premio-asimov.it\/biblioteca\/la-natura-geniale\/\"><strong>&#8220;La natura geniale&#8221; di Barbara Mazzolai<\/strong><\/a><\/p>\n\n\n\n<p><a href=\"https:\/\/www.premio-asimov.it\/biblioteca\/lultimo-sapiens-viaggio-al-termine-della-nostra-specie\/\"><strong>&#8220;L&#8217;ultimo sapiens&#8221; di Gianfranco Pacchioni<\/strong><\/a><\/p>\n\n\n\n<p><a href=\"https:\/\/www.premio-asimov.it\/biblioteca\/lalbero-intricato\/\"><strong>&#8220;L&#8217;albero intricato&#8221; di David Quammen<\/strong><\/a><\/p>\n\n\n\n<p><br><br><strong>Libro vincitore edizione 2021<\/strong><\/p>\n\n\n\n<p><strong>&#8220;L&#8217;ultimo orizzonte&#8221; di Amedeo Balbi<\/strong><\/p>\n\n\n\n<p><br><strong>Scuole partecipanti all&#8217;edizione 2021<\/strong><strong><\/strong><br><br><a href=\"https:\/\/www.liceobertovibo.gov.it\/\" rel=\"noreferrer noopener\" target=\"_blank\"><strong>Liceo Scientifico &#8220;Berto&#8221;<\/strong><\/a> &#8211; Vibo Valentia (VV)<br><a href=\"http:\/\/filolao.gov.it\/\" rel=\"noreferrer noopener\" target=\"_blank\"><strong>Liceo Scientifico &#8220;Filolao&#8221;<\/strong><\/a> &#8211; Crotone (KR)<br><a href=\"http:\/\/www.liceoclassicocampanellarc.gov.it\/\" rel=\"noreferrer noopener\" target=\"_blank\"><strong>Liceo Classico &#8220;Tommaso Campanella&#8221;<\/strong><\/a> &#8211; Reggio Calabria (RC)<br><a href=\"http:\/\/www.lsvolta.it\/\" rel=\"noreferrer noopener\" target=\"_blank\"><strong>Liceo Scientifico &#8220;A. Volta&#8221;<\/strong><\/a> &#8211; Reggio Calabria (RC)<br><a href=\"http:\/\/www.liceovinci.eu\" rel=\"noreferrer noopener\" target=\"_blank\"><strong>Liceo Scientifico Statale &#8220;Leonardo da Vinci&#8221;<\/strong><\/a> &#8211; Reggio Calabria (RC)<br><a href=\"http:\/\/www.liceofermics.gov.it\/home\/\" rel=\"noreferrer noopener\" target=\"_blank\"><strong>Liceo Scientifico Statale &#8220;Enrico Fermi&#8221;<\/strong><\/a> &#8211; Cosenza (CS)<br><a href=\"https:\/\/cercalatuascuola.istruzione.it\/cercalatuascuola\/istituti\/CSPS068035\/liceo-sc-mirto-crosia-sede-staccata\/\" rel=\"noreferrer noopener\" target=\"_blank\"><strong>Liceo Scientifico Statale di Mirto\/Crosia<\/strong><\/a> &#8211; Mirto (CS)<br><a href=\"http:\/\/www.iisliceocariati.gov.it\/liceo-scientifico.html\" rel=\"noreferrer noopener\" target=\"_blank\"><strong>Liceo Scientifico Statale &#8220;S. Patrizi&#8221;<\/strong><\/a> &#8211; Cariati (CS)<br><strong><a href=\"https:\/\/www.liceoclassicorendecs.edu.it\/\">Liceo Classico &#8220;Gioacchino da Fiore&#8221;<\/a><\/strong> &#8211; Rende (CS)<br><strong><a href=\"http:\/\/www.liceotelesiocosenza.gov.it\/component\/content\/article\/12-articoli-vari\/90-registri-elettronico.html\">Liceo Classico &#8220;Telesio&#8221;<\/a><\/strong> &#8211; Cosenza<br><a href=\"https:\/\/liceopizipalmi.edu.it\/\"><strong>Istituto di Istruzione Superiore &#8220;N. Pizi&#8221;<\/strong><\/a> &#8211; Palmi (RC)<\/p>\n\n\n\n<p><strong>Comitato scientifico edizione 2021<\/strong><br><br>Alessandro Papa (Coordinatore)<br>Antonio Bruzzese, Salvatore Buzzurro, Daniela Familiari, Roberto Fiore, Maria Francesca Funari,<br>Domenico Giuliano, Mimmo Liguori, Gianfranco Manna, Andrea Nava, Giuseppe Nicolosi, Flavio Nimpo,<br>Carmen Petronio, Sergio Polito, Adelina Reda, Marco Rossi, Rosanna Tedesco, Patrizia Volpe<\/p>\n\n\n\n<p><strong>Studenti\/esse premiati\/e per le <a href=\"https:\/\/web.cs.infn.it\/wordpress\/wp-content\/uploads\/2025\/01\/Recensioni-2021.pdf\">migliori recensioni<\/a><\/strong><\/p>\n\n\n\n<p>&nbsp;<strong>Imperfezione<\/strong><\/p>\n\n\n\n<p>Federica Esposito &#8211; Liceo &#8220;da Vinci&#8221; &#8211; Reggio Calabria<br>Giulia Grasso &#8211; Liceo &#8220;Telesio&#8221; &#8211; Cosenza<br>Mariarosaria Grimaldi &#8211; Liceo &#8220;Fermi&#8221; &#8211; Cosenza<br>&nbsp;<\/p>\n\n\n\n<p><strong>L&#8217;ultimo orizzonte<\/strong><\/p>\n\n\n\n<p>Francesco Cosoleto &#8211; IIS &#8220;Pizi&#8221; &#8211; Palmi (RC)<br>Paola De Bartolo &#8211; Liceo &#8220;Gioacchino da Fiore&#8221; &#8211; Rende (CS)<br>Anastasia Martucci &#8211; Liceo &#8220;Fermi&#8221; &#8211; Cosenza<br>Maria Ricca &#8211; Liceo &#8220;Telesio&#8221; &#8211; Cosenza<br>&nbsp;<\/p>\n\n\n\n<p><strong>La natura geniale<\/strong><\/p>\n\n\n\n<p>Isabella Bianchi &#8211; Liceo &#8220;Fermi&#8221; &#8211; Cosenza<br>Paolo De Gregorio &#8211; Liceo &#8220;Volta&#8221; &#8211; Reggio Calabria<br>Desiree Merli &#8211; Liceo &#8220;da Vinci&#8221; &#8211; Reggio Calabria<br>&nbsp;<\/p>\n\n\n\n<p><strong>L&#8217;ultimo sapiens<\/strong><\/p>\n\n\n\n<p>Alessia Aceto &#8211; Liceo &#8220;Fermi&#8221; &#8211; Cosenza<br>Rocco Barbaro &#8211; IIS &#8220;Pizi&#8221; &#8211; Palmi (RC)<br>Chiara Catalano &#8211; Liceo &#8220;Volta&#8221; &#8211; Reggio Calabria<br>Nicola Fial\u00e0 &#8211; Liceo &#8220;Berto&#8221; &#8211; Vibo Valentia<br>Vincenzo Nicol\u00f2 &#8211; Liceo &#8220;Volta&#8221; &#8211; Reggio Calabria<br>&nbsp;<\/p>\n\n\n\n<p><strong>L&#8217;albero intricato<\/strong><\/p>\n\n\n\n<p>Cristina Campanaro &#8211; Liceo &#8220;Fermi&#8221; &#8211; Cosenza<br>Giuseppe Falzea &#8211; Liceo &#8220;Volta&#8221; &#8211; Reggio Calabria<br>Joaquin Socarras &#8211; Liceo &#8220;Fermi&#8221; &#8211; Cosenza<\/p>\n\n\n\n<p>___________________________________________________________________________________________________________________________________<\/p>\n\n\n\n<p><strong>Opere finaliste nel 2020<\/strong><\/p>\n\n\n\n<p><a href=\"https:\/\/www.premio-asimov.it\/biblioteca\/1122\/\"><strong>&#8220;Matematica d&#8217;evasione&#8221; di Claudio Marini<\/strong><\/a><\/p>\n\n\n\n<p><a href=\"https:\/\/www.premio-asimov.it\/biblioteca\/lurlo-delluniverso\/\"><strong>&#8220;L&#8217;urlo dell&#8217;universo&#8221; di Dario Menasce<\/strong><\/a><\/p>\n\n\n\n<p><a href=\"https:\/\/www.premio-asimov.it\/biblioteca\/hello-world\/\"><strong>&#8220;Hello World&#8221; di Hannah Fry<\/strong><\/a><\/p>\n\n\n\n<p><a href=\"https:\/\/www.premio-asimov.it\/biblioteca\/lalgoritmo-e-loracolo\/\"><strong>&#8220;L&#8217;algoritmo e l&#8217;oracolo&#8221; di Alessandro Vespignani<\/strong><\/a><\/p>\n\n\n\n<p><a href=\"https:\/\/www.premio-asimov.it\/biblioteca\/il-pianeta-umano\/\"><strong>&#8220;Il pianeta umano&#8221; di Simone L. Lewis e Mark A.Maslin<\/strong><\/a><\/p>\n\n\n\n<p><br><br><strong>Libro vincitore edizione 2020<\/strong><\/p>\n\n\n\n<p><strong>&#8220;Hello World&#8221; di Hannah Fry<\/strong><\/p>\n\n\n\n<p><br><strong>Scuole partecipanti all&#8217;edizione 2020<\/strong><strong><\/strong><br><br><a href=\"https:\/\/www.liceobertovibo.gov.it\/\" rel=\"noreferrer noopener\" target=\"_blank\"><strong>Liceo Scientifico &#8220;Berto&#8221;<\/strong><\/a> &#8211; Vibo Valentia (VV)<br><a href=\"http:\/\/filolao.gov.it\/\" rel=\"noreferrer noopener\" target=\"_blank\"><strong>Liceo Scientifico &#8220;Filolao&#8221;<\/strong><\/a> &#8211; Crotone (KR)<br><a href=\"http:\/\/www.liceoclassicocampanellarc.gov.it\/\" rel=\"noreferrer noopener\" target=\"_blank\"><strong>Liceo Classico &#8220;Tommaso Campanella&#8221;<\/strong><\/a> &#8211; Reggio Calabria (RC)<br><a href=\"http:\/\/www.lsvolta.it\/\" rel=\"noreferrer noopener\" target=\"_blank\"><strong>Liceo Scientifico &#8220;A. Volta&#8221;<\/strong><\/a> &#8211; Reggio Calabria (RC)<br><a href=\"http:\/\/www.liceovinci.eu\" rel=\"noreferrer noopener\" target=\"_blank\"><strong>Liceo Scientifico Statale &#8220;Leonardo da Vinci&#8221;<\/strong><\/a> &#8211; Reggio Calabria (RC)<br><a href=\"http:\/\/www.liceofermics.gov.it\/home\/\" rel=\"noreferrer noopener\" target=\"_blank\"><strong>Liceo Scientifico Statale &#8220;Enrico Fermi&#8221;<\/strong><\/a> &#8211; Cosenza (CS)<br><a href=\"http:\/\/www.iisliceocariati.gov.it\/liceo-scientifico.html\" rel=\"noreferrer noopener\" target=\"_blank\"><strong>Liceo Scientifico Statale &#8220;S. Patrizi&#8221;<\/strong><\/a> &#8211; Cariati (CS)<br><strong><a href=\"https:\/\/www.liceoclassicorendecs.edu.it\/\">Liceo Classico &#8220;Gioacchino da Fiore&#8221;<\/a><\/strong> &#8211; Rende (CS)<br><strong><a href=\"http:\/\/www.liceotelesiocosenza.gov.it\/component\/content\/article\/12-articoli-vari\/90-registri-elettronico.html\">Liceo Classico &#8220;Telesio&#8221;<\/a><\/strong> &#8211; Cosenza<\/p>\n\n\n\n<p><strong>Comitato scientifico edizione 2020<\/strong><br><br>Alessandro Papa (Coordinatore)<br>Antonio A.G. Agostino, Giuseppe Al\u00ec, Angela Arcidiaco, Antonio Bruzzese, Salvatore Buzzurro,<br>Mariantonietta De Marco, Daniela Familiari, Roberto Fiore, Maria Francesca Funari,<br>Domenico Giuliano, Gianfranco Manna, Glauco Morabito, Carmen Petronio, Anna Pupo<br>Adelina Reda, Marco Rossi, Rosanna Tedesco<\/p>\n\n\n\n<p><strong>Studenti\/esse premiati\/e per le migliori recensioni<\/strong><\/p>\n\n\n\n<p>&nbsp;<strong>Matematica d&#8217;evasione<\/strong><br>Marianna Di Mauro &#8211; Liceo &#8220;da Vinci&#8221; &#8211; Reggio Calabria<br>Gabriele Inzillo &#8211; Liceo &#8220;Berto&#8221; &#8211; Vibo Valentia<br>Chiara Latella &#8211; Liceo &#8220;Volta&#8221; &#8211; Reggio Calabria<\/p>\n\n\n\n<p><strong>L&#8217;urlo dell&#8217;universo<\/strong><br>Maria Gabriella Ferrara &#8211; Liceo &#8220;Fermi&#8221; &#8211; Cosenza<br>Antonino Magro &#8211; Liceo &#8220;Volta&#8221; &#8211; Reggio Calabria<br>Marialucia Siviglia &#8211; Liceo &#8220;da Vinci&#8221; &#8211; Reggio Calabria<\/p>\n\n\n\n<p><strong>Hello World<\/strong><br>Veronica Lor\u00e8 &#8211; Liceo &#8220;Gioacchino da Fiore&#8221; &#8211; Rende (CS)<br>Nene Tsertsvadze &#8211; Liceo &#8220;da Vinci&#8221; &#8211; Reggio Calabria<br>Giuseppe Falzea &#8211; Liceo &#8220;Volta&#8221; &#8211; Reggio Calabria<\/p>\n\n\n\n<p><strong>L&#8217;algoritmo e l&#8217;oracolo<\/strong><br>Nicola Fial\u00e0 &#8211; Liceo &#8220;Berto&#8221; &#8211; Vibo Valentia<br>Alessia Speranza &#8211; Liceo &#8220;da Vinci&#8221; &#8211; Reggio Calabria<br>Valentina Suraci &#8211; Liceo &#8220;da Vinci&#8221; &#8211; Reggio Calabria<\/p>\n\n\n\n<p><strong>Il pianeta umano<\/strong><br>Valerio Cotroneo &#8211; Liceo &#8220;da Vinci&#8221; &#8211; Reggio Calabria<br>Irene Palma &#8211; Liceo &#8220;Telesio&#8221; &#8211; Cosenza<br>Gabriele Grillone &#8211; Liceo &#8220;da Vinci&#8221; &#8211; Reggio Calabria<br>Samuele Liguori &#8211; Liceo &#8220;Fermi&#8221; &#8211; Cosenza<br>&nbsp;<\/p>\n\n\n\n<p>___________________________________________________________________________________________________________________________________<\/p>\n\n\n\n<p><strong>Opere finaliste nel 2019<\/strong><br>&nbsp;<\/p>\n\n\n\n<p><a href=\"https:\/\/www.premio-asimov.it\/biblioteca\/chimica-verde-2-0\/\"><strong>&#8220;Chimica verde 2.0&#8221; di Guido Saracco<\/strong><\/a><\/p>\n\n\n\n<p><a href=\"https:\/\/www.premio-asimov.it\/biblioteca\/elogio-della-parola\/\"><strong>&#8220;Elogio della parola&#8221; di Lamberto Maffei<\/strong><\/a><\/p>\n\n\n\n<p><a href=\"https:\/\/www.premio-asimov.it\/biblioteca\/scienziate-nel-tempo\/\"><strong>&#8220;Scienziate nel tempo&#8221; di Sara Sesti e Liliana Moro<\/strong><\/a><\/p>\n\n\n\n<p><a href=\"https:\/\/www.premio-asimov.it\/biblioteca\/ultime-notizie-sullevoluzione-umana\/\"><strong>&#8220;Ultime notizie sull&#8217;evoluzione umana&#8221; di Giorgio Manzi<\/strong><\/a><\/p>\n\n\n\n<p><a href=\"https:\/\/www.premio-asimov.it\/biblioteca\/viaggi-nel-tempo\/\"><strong>&#8220;Viaggi nel tempo&#8221; di James Gleick<\/strong><\/a><\/p>\n\n\n\n<p><a href=\"https:\/\/www.premio-asimov.it\/biblioteca\/intelligenza-artificiale\/\"><strong>&#8220;Intelligenza artificiale&#8221; di Jerry Kaplan<\/strong><\/a><\/p>\n\n\n\n<p><a href=\"https:\/\/www.premio-asimov.it\/biblioteca\/il-giro-del-mondo-in-sei-milioni-di-anni\/\"><strong>&#8220;Il giro del mondo in sei milioni di anni&#8221; di Guido Barbujani e Andrea Brunelli<\/strong><\/a><\/p>\n\n\n\n<p><br><strong>Libro vincitore edizione 2019<\/strong><\/p>\n\n\n\n<p><a href=\"https:\/\/www.premio-asimov.it\/biblioteca\/elogio-della-parola\/\"><strong>&#8220;Elogio della parola&#8221; di Lamberto Maffei<\/strong><\/a><\/p>\n\n\n\n<p><br><strong>Scuole partecipanti all&#8217;edizione 2019<\/strong><strong>&nbsp;<\/strong><br><br><a href=\"https:\/\/www.liceobertovibo.gov.it\/\" rel=\"noreferrer noopener\" target=\"_blank\"><strong>Liceo Scientifico &#8220;Berto&#8221;<\/strong><\/a> &#8211; Vibo Valentia (VV)<br><a href=\"http:\/\/filolao.gov.it\/\" rel=\"noreferrer noopener\" target=\"_blank\"><strong>Liceo Scientifico &#8220;Filolao&#8221;<\/strong><\/a> &#8211; Crotone (KR)<br><a href=\"http:\/\/www.liceoclassicocampanellarc.gov.it\/\" rel=\"noreferrer noopener\" target=\"_blank\"><strong>Liceo Classico &#8220;Tommaso Campanella&#8221;<\/strong><\/a> &#8211; Reggio Calabria (RC)<br><a href=\"http:\/\/www.lsvolta.it\/\" rel=\"noreferrer noopener\" target=\"_blank\"><strong>Liceo Scientifico &#8220;A. Volta&#8221;<\/strong><\/a> &#8211; Reggio Calabria (RC)<br><a href=\"http:\/\/www.liceovinci.eu\" rel=\"noreferrer noopener\" target=\"_blank\"><strong>Liceo Scientifico Statale &#8220;Leonardo da Vinci&#8221;<\/strong><\/a> &#8211; Reggio Calabria (RC)<br><a href=\"http:\/\/www.liceofermics.gov.it\/home\/\" rel=\"noreferrer noopener\" target=\"_blank\"><strong>Liceo Scientifico Statale &#8220;Enrico Fermi&#8221;<\/strong><\/a> &#8211; Cosenza (CS)<br><a href=\"http:\/\/www.ilpitagora.gov.it\/\" rel=\"noreferrer noopener\" target=\"_blank\"><strong>Liceo Scientifico &#8220;Pitagora&#8221;<\/strong><\/a> &#8211; Rende (CS)<br><a href=\"http:\/\/www.iisliceocariati.gov.it\/liceo-scientifico.html\" rel=\"noreferrer noopener\" target=\"_blank\"><strong>Liceo Scientifico Statale &#8220;S. Patrizi&#8221;<\/strong><\/a> &#8211; Cariati (CS)<\/p>\n\n\n\n<p><strong>Comitato scientifico edizione 2019<\/strong><br><br>Alessandro Papa (Coordinatore)<br>Giuseppe Al\u00ec, Antonio Bruzzese, Salvatore Buzzurro, Tiziana De Simone, Daniela Familiari<br>Roberto Fiore, Maria Francesca Funari, Gino Madeo, Gianfranco Manna, Giovanni Mollica<br>Carmen Petronio, Maria Pizzuti, Marco Rossi, Samantha Tarantino, Caterina Urso<\/p>\n\n\n\n<p><strong>Studenti\/esse premiati\/e per le migliori recensioni<\/strong><\/p>\n\n\n\n<p>&nbsp;Rosamaria Alati &#8211; Liceo &#8220;Volta&#8221; Reggio Calabria<br>Lavinia Brunetti &#8211; Liceo &#8220;Fermi&#8221; Cosenza<br>Francesca Cereto &#8211; Liceo &#8220;Volta&#8221; Reggio Calabria<br>Gabriella Ferrara &#8211; Liceo &#8220;Fermi&#8221; Cosenza<br>Giovanni Ferro &#8211; Liceo &#8220;Campanella&#8221; Reggio Calabria<br>Luigi Greco &#8211; Liceo &#8220;Filolao&#8221; Crotone<br>Lavinia Macheda &#8211; Liceo &#8220;Campanella&#8221; Reggio Calabria<br>Mattia Francesco Mazziotti &#8211; Liceo &#8220;Fermi&#8221; Cosenza<br>Marica Morabito &#8211; Liceo &#8220;Volta&#8221; Reggio Calabria<br>Samantha Neri &#8211; Liceo &#8220;da Vinci&#8221; Reggio Calabria<br>Antonio Pellico &#8211; Liceo &#8220;Fermi&#8221; Cosenza<br>Michele Matteo Rizzo &#8211; Liceo &#8220;Filolao&#8221; Crotone<br>Giulia Russo &#8211; Liceo &#8220;da Vinci&#8221; Reggio Calabria<br>Vincenzo Serio &#8211; Liceo &#8220;Campanella&#8221; Reggio Calabria<br>Martina Vercillo &#8211; Liceo &#8220;Fermi&#8221; Cosenza<\/p>\n\n\n\n<p>-___________________________________________________________________________________________________________________________________<\/p>\n\n\n\n<p><strong>Opere finaliste nel 2018<\/strong><\/p>\n\n\n\n<p><a href=\"https:\/\/www.premio-asimov.it\/biblioteca\/fisica-per-la-pace\/\"><strong>&#8220;Fisica per la pace&#8221; di Pietro Greco<\/strong><\/a><\/p>\n\n\n\n<p><a href=\"https:\/\/www.premio-asimov.it\/biblioteca\/la-bottega-dello-scienziato\/\"><strong>&#8220;La bottega dello scienziato&#8221; di Alessandro Della Corte e Lucio Russo<\/strong><\/a><\/p>\n\n\n\n<p><a href=\"https:\/\/www.premio-asimov.it\/biblioteca\/lordine-del-tempo\/\"><strong>&#8220;L&#8217;ordine del tempo&#8221; di Carlo Rovelli<\/strong><\/a><\/p>\n\n\n\n<p><a href=\"https:\/\/www.premio-asimov.it\/biblioteca\/la-tempesta-in-un-bicchiere\/\"><strong>&#8220;La tempesta in un bicchiere&#8221; di Helen Czerski<\/strong><\/a><\/p>\n\n\n\n<p><a href=\"https:\/\/www.premio-asimov.it\/biblioteca\/le-due-teste-del-tiranno\/\"><strong>&#8220;Le due teste del tiranno&#8221; di Marco Malvaldi<\/strong><\/a><\/p>\n\n\n\n<p><strong>Libri vincitori edizione 2018<\/strong><br><br><a href=\"https:\/\/www.premio-asimov.it\/biblioteca\/le-due-teste-del-tiranno\/\"><strong>&#8220;Le due teste del tiranno&#8221; di Marco Malvaldi<\/strong><\/a><br><a href=\"https:\/\/www.premio-asimov.it\/biblioteca\/la-tempesta-in-un-bicchiere\/\"><strong>&#8220;La tempesta in un bicchiere&#8221; di Helen Czerski<\/strong><\/a><br>&nbsp;<\/p>\n\n\n\n<p><br><strong>Scuole partecipanti all&#8217;edizione 2018<\/strong><strong>&nbsp;<\/strong><br><br><a href=\"https:\/\/www.liceobertovibo.gov.it\/\" rel=\"noreferrer noopener\" target=\"_blank\"><strong>Liceo Scientifico &#8220;Berto&#8221;<\/strong><\/a>&nbsp;&#8211; Vibo Valentia (VV)<br><a href=\"http:\/\/filolao.gov.it\/\" rel=\"noreferrer noopener\" target=\"_blank\"><strong>Liceo Scientifico &#8220;Filolao&#8221;<\/strong><\/a> &#8211; Crotone (KR)<br><a href=\"http:\/\/www.liceovinci.eu\/\" rel=\"noreferrer noopener\" target=\"_blank\"><strong>Liceo Scientifico &#8220;Leonardo da Vinci&#8221;<\/strong><\/a> &#8211; Reggio Calabria (RC)<br><a href=\"http:\/\/www.ilpitagora.gov.it\/\" rel=\"noreferrer noopener\" target=\"_blank\"><strong>Liceo Scientifico &#8220;Pitagora&#8221;<\/strong><\/a> &#8211; Rende (CS)<br><a href=\"http:\/\/www.liceoscorza.it\/\" rel=\"noreferrer noopener\" target=\"_blank\"><strong>Liceo Scientifico &#8220;Scorza&#8221;<\/strong><\/a> &#8211; Cosenza (CS)<br><a href=\"http:\/\/www.liceoclassicocampanellarc.gov.it\/\" rel=\"noreferrer noopener\" target=\"_blank\"><strong>Liceo Classico &#8220;Tommaso Campanella&#8221;<\/strong><\/a> &#8211; Reggio Calabria (RC)<br><a href=\"http:\/\/www.lsvolta.it\/\" rel=\"noreferrer noopener\" target=\"_blank\"><strong>Liceo Scientifico &#8220;A. Volta&#8221;<\/strong><\/a> &#8211; Reggio Calabria (RC)<br><a href=\"http:\/\/www.iispezzullo.it\/\" rel=\"noreferrer noopener\" target=\"_blank\"><strong>Istituto di Istruzione Superiore &#8220;Pezzullo&#8221;<\/strong><\/a> &#8211; Cosenza (CS)<\/p>\n\n\n\n<p><strong>Comitato scientifico edizione 2018<\/strong><br><br>Alessandro Papa (Coordinatore)<br>Giuseppe Al\u00ec, Antonio Bruzzese, Salvatore Buzzurro, Myriam Calipari, Giovanna Golia,<br>Gino Madeo, Pasquale Mazzotti, Giovanni Mollica, Carmen Petronio, Marco Rossi, Francesca Valente<br>&nbsp;<\/p>\n\n\n\n<p><strong>Studenti\/esse premiati\/e per le migliori recensioni<\/strong><\/p>\n\n\n\n<p>&nbsp;Vincenzo Ambrogio &#8211; Liceo &#8220;Volta&#8221; Reggio Calabria<br>Francesco Comito &#8211; Liceo &#8220;Berto&#8221; Vibo Valentia<br>Francesco Corrado &#8211;&nbsp; Liceo &#8220;Filolao&#8221; Crotone<br>Giulia Cuzzola &#8211; Liceo &#8220;Campanella&#8221; Reggio Calabria<br>Mjriam Di Costanzo &#8211; Liceo &#8220;Volta&#8221; Reggio Calabria<br>Cristian Lo Muto &#8211; Liceo &#8220;Berto&#8221; Vibo Valentia<br>Laila Merzoug &#8211; Liceo &#8220;Volta&#8221; Reggio Calabria<br>Micaela Napoli &#8211; Liceo &#8220;Pitagora&#8221; Rende<br>Alessia Petrone &#8211; Liceo &#8220;Campanella&#8221; Reggio Calabria<br>Paola Romeo &#8211; Liceo &#8220;Berto&#8221; Vibo Valentia<br>Federica Sapone &#8211; Liceo &#8220;Volta&#8221; Reggio Calabria<br>Ilaria Sidari &#8211; Liceo &#8220;Campanella&#8221; Reggio Calabria<br>Giuseppina Pia Varano &#8211; Liceo &#8220;Filolao&#8221; Crotone<br>Giuseppe Viterbo &#8211; Liceo &#8220;Berto&#8221; Vibo Valentia<br>Mariagiovanna Zoccali &#8211; Liceo &#8220;Campanella&#8221; Reggio Calabria<\/p>\n","protected":false},"excerpt":{"rendered":"<p>Il premio Asimov Istituito nel 2015 dal Gran Sasso Science Institute (GSSI) dell&#8217;Aquila, il &#8220;Premio Asimov per l&#8217;editoria scientifica divulgativa&#8221; intende avvicinare le giovani generazioni alla scienza attraverso la lettura critica di opere di divulgazione scientifica. &nbsp;Nasce da un&#8217;idea di Francesco Vissani e si ispira ai premi assegnati dalla Royal Society per i libri di [&hellip;]<\/p>\n","protected":false},"author":6,"featured_media":0,"comment_status":"open","ping_status":"open","sticky":false,"template":"wp-custom-template-pagina-personale-membro","format":"standard","meta":{"footnotes":""},"categories":[1],"tags":[],"class_list":["post-181","post","type-post","status-publish","format-standard","hentry","category-senza-categoria"],"_links":{"self":[{"href":"https:\/\/web.cs.infn.it\/wordpress\/wp-json\/wp\/v2\/posts\/181","targetHints":{"allow":["GET"]}}],"collection":[{"href":"https:\/\/web.cs.infn.it\/wordpress\/wp-json\/wp\/v2\/posts"}],"about":[{"href":"https:\/\/web.cs.infn.it\/wordpress\/wp-json\/wp\/v2\/types\/post"}],"author":[{"embeddable":true,"href":"https:\/\/web.cs.infn.it\/wordpress\/wp-json\/wp\/v2\/users\/6"}],"replies":[{"embeddable":true,"href":"https:\/\/web.cs.infn.it\/wordpress\/wp-json\/wp\/v2\/comments?post=181"}],"version-history":[{"count":26,"href":"https:\/\/web.cs.infn.it\/wordpress\/wp-json\/wp\/v2\/posts\/181\/revisions"}],"predecessor-version":[{"id":1197,"href":"https:\/\/web.cs.infn.it\/wordpress\/wp-json\/wp\/v2\/posts\/181\/revisions\/1197"}],"wp:attachment":[{"href":"https:\/\/web.cs.infn.it\/wordpress\/wp-json\/wp\/v2\/media?parent=181"}],"wp:term":[{"taxonomy":"category","embeddable":true,"href":"https:\/\/web.cs.infn.it\/wordpress\/wp-json\/wp\/v2\/categories?post=181"},{"taxonomy":"post_tag","embeddable":true,"href":"https:\/\/web.cs.infn.it\/wordpress\/wp-json\/wp\/v2\/tags?post=181"}],"curies":[{"name":"wp","href":"https:\/\/api.w.org\/{rel}","templated":true}]}}